{"id":112204,"date":"2026-08-20T07:47:16","date_gmt":"2026-08-20T05:47:16","guid":{"rendered":"https:\/\/mm.group\/?post_type=press-release&#038;p=112204"},"modified":"2026-08-20T07:47:18","modified_gmt":"2026-08-20T05:47:18","slug":"ergebnisse-zum-1-halbjahr-2026","status":"publish","type":"press-release","link":"https:\/\/mm.group\/de\/news\/press-releases\/ergebnisse-zum-1-halbjahr-2026\/","title":{"rendered":"Ergebnisse zum 1. Halbjahr 2026"},"content":{"rendered":"<section id=\"block_c619234b425d8578affbbf67c4b31dac\" data-block_c619234b425d8578affbbf67c4b31dac class=\"content-basic align transparent  container-bg \">\n  <div class=\"container\">\n    <div class=\"info_basic \">\n      <div class=\"section-info mb-10 max-w-[833px] \">\n                                    <div class=\"section_text \"><ul>\n<li><strong>Bereinigtes EBITDA nahezu auf Vorjahresniveau<\/strong> (auf vergleichbarer Basis exkl. TANN) <strong>mit <\/strong><strong><br \/>\n<\/strong><strong>deutlicher Verbesserung gegen\u00fcber 2. HJ 2025<\/strong><\/p>\n<ul>\n<li><strong>Beitrag des Fit-For-Future Programms von 105 Mio. EUR im 1. HJ<\/strong> federt insbesondere<br \/>\nniedrigere Preise im Bereich Board &amp; Paper ab<\/li>\n<li>Bereinigtes EBITDA <strong>Pharma &amp; Healthcare Packaging + 14 %<\/strong><\/li>\n<li>Bereinigtes EBITDA <strong>Food &amp; Premium Packaging <\/strong>(like-for-like, exkl. TANN)<strong> + 1 %<\/strong><\/li>\n<li>Bereinigtes EBITDA <strong>Board &amp; Paper &#8211; 19 %<\/strong><\/li>\n<\/ul>\n<\/li>\n<li><strong>Fit-For-Future Programm \u00fcbertrifft Erwartungen<\/strong>\n<ul>\n<li>Erwarteter <strong>kumulierter Ergebnisbeitrag bis 2027 auf \u00fcber 330 Mio. EUR erh\u00f6ht<\/strong>, von zuvor<br \/>\n&gt; 250 Mio. EUR (vs. 2024 exkl. TANN)<\/li>\n<\/ul>\n<\/li>\n<li><strong>Bedeutende Investitionsprojekte<\/strong> in den Bereichen Kosten- und Energieeffizienz sowie<br \/>\nTransformation <strong>auf Kurs<\/strong><\/li>\n<li><strong>Attraktives Synergiepotenzial<\/strong> durch <strong>geplante \u00dcbernahme des Kartonwerks Arnsberg<\/strong><\/li>\n<\/ul>\n<\/div>\n                \n            <\/div>\n    <\/div>\n  <\/div>\n<\/section>\n\n<section id=\"block_050f41d32b9d36987a5a1a2a8350ec17\" data-block_050f41d32b9d36987a5a1a2a8350ec17 class=\"list-downloads align transparent  container-bg  py-10 md:py-20\">\n  <div class=\"container\">\n    <div class=\"section-info mb-10 max-w-[833px] \">\n                            <h2 class=\"title mb-4\">Download Presseaussendung<\/h2>\n                        \n            <\/div>\n          <div class=\"downloads-wrapper mt-10 grid grid-cols-1 gap-x-8 gap-y-10 \">\n                               <a href=\"https:\/\/mm.group\/wp-content\/uploads\/MM-Ergebnisse-zum-1.-Halbjahr-2026.pdf\" class=\"card-download \" target=\"_blank\" >\n        <div class=\"top-download\">\n                            <div class=\"download-title\">Ergebnisse zum 1. Halbjahr 2026<\/div>\n                        <div class=\"download-icon\">\n                                    <svg width=\"20\" height=\"20\" viewBox=\"0 0 20 20\" fill=\"none\" xmlns=\"http:\/\/www.w3.org\/2000\/svg\">\n<mask id=\"mask0_3969_27664\" style=\"mask-type:luminance\" maskUnits=\"userSpaceOnUse\" x=\"0\" y=\"0\" width=\"20\" height=\"20\">\n<path d=\"M0 1.90735e-06H20V20H0V1.90735e-06Z\" fill=\"white\"\/>\n<\/mask>\n<g mask=\"url(#mask0_3969_27664)\">\n<path fill-rule=\"evenodd\" clip-rule=\"evenodd\" d=\"M1.21094 20H18.7891V14.1406H17.6172V18.8281H2.38281V14.1406H1.21094V20Z\" fill=\"currentColor\"\/>\n<\/g>\n<path d=\"M10.0795 13.2427L10.0795 0.832031L10.2513 0.832031L10.2513 13.2427L10.2513 14.5633L11.1259 13.5739L16.8295 7.12167L16.9583 7.2355L10.2432 14.832L10.0876 14.832L3.37249 7.2355L3.50126 7.12167L9.20483 13.5739L10.0795 14.5633L10.0795 13.2427Z\" fill=\"currentColor\" stroke=\"currentColor\"\/>\n<\/svg>\n                            <\/div>\n        <\/div>\n            <\/a>\n              <\/div>\n      \n  <\/div>\n<\/section>\n\n\n<section id=\"block_7daea155f857c96212a689287228c037\" data-block_7daea155f857c96212a689287228c037 class=\"separator-w-icon align transparent position-right  container-bg  \">\n  <div class=\"container\">\n    <div class=\"inner relative\" data-aos=\"fade-up\" data-aos-duration=\"1000\">\n      <picture>\n                  <source media=\"(min-width: 1024px)\" srcset=\"https:\/\/mm.group\/wp-content\/uploads\/icon-3.svg\">\n                <img src=\"https:\/\/mm.group\/wp-content\/uploads\/icon-3.svg\" alt=\"\" width=\"300\" height=\"200\" loading=\"lazy\" decoding=\"async\" class=\"bg-image\">\n    <\/picture>\n    <\/div>\n  <\/div>\n<\/section>\n\n<section id=\"block_953e31b3c1410b17526ce397ba5c3252\" data-block_953e31b3c1410b17526ce397ba5c3252 class=\"banner-cta-side-by-side align transparent  transparent container-bg  style-investors\">\n  <div class=\"container-big\">\n                 <div class=\"cta-col\">\n        <p class=\"cta-col-pretitle pretitle\">Investoren<\/p>\n        <h2 class=\"cta-col-title title\">Nehmen Sie Kontakt mit Investor Relations auf<\/h2>\n        <div class=\"cta-col-text section_text\"><p>Wir freuen uns auf Ihre Nachricht und bem\u00fchen uns stets um eine schnelle Antwort.<\/p>\n<\/div>\n        <a href=\"https:\/\/mm.group\/de\/investoren\/kontaktieren-sie-uns\/\" class=\"btn btn-primary\" target=\"\" title=\"Kontaktieren Sie uns\">\n          <span>\n            Kontaktieren Sie uns\n                      <\/span>\n        <\/a>\n      <\/div>\n                 <div class=\"cta-col\">\n        <p class=\"cta-col-pretitle pretitle\">IR NEWS<\/p>\n        <h2 class=\"cta-col-title title\">Publikationsmailing<\/h2>\n        <div class=\"cta-col-text section_text\"><p>Um Sie regelm\u00e4\u00dfig \u00fcber unsere Berichte und Pressemitteilungen auf dem Laufenden zu halten, bieten wir unseren Aktion\u00e4r:innen und Stakeholdern an, sich in unseren Publikationsverteiler einzutragen.<\/p>\n<\/div>\n        <a href=\"#form-id-12\" class=\"btn btn-primary\" target=\"\" title=\"Jetzt anmelden\">\n          <span>\n            Jetzt anmelden\n                      <\/span>\n        <\/a>\n      <\/div>\n      <\/div>\n<\/section>\n\n<section id=\"block_c23f63776b1f86dc1e01f27bc820ece5\" data-block_c23f63776b1f86dc1e01f27bc820ece5 class=\"related-news align light-green  container-bg \">\n  <div class=\"container\">\n    <div class=\"section-info mb-10 max-w-[833px] \">\n                    <div class=\"pretitle accent-color mb-3\">MM GROUP<\/div>\n                            <h2 class=\"title mb-4\">News<\/h2>\n                        \n            <\/div>\n    <div class=\"related-news\">\n                      <article\n    class=\"new-card  division-mmgroup  \">\n    <a href=\"https:\/\/mm.group\/de\/news\/mmgroup\/mm-group-erhaelt-ecovadis-platinmedaille-fuer-nachhaltigkeit\/\" title=\"MM Group erh\u00e4lt EcoVadis-Platinmedaille f\u00fcr Nachhaltigkeit\">\n        <div class=\"image-wrapper\">\n                            <div class=\"new-card-sectors\">\n                                            <div class=\"category sector-mmgroup\">MM Group<\/div>\n                                    <\/div>\n                                        <img src=\"https:\/\/mm.group\/wp-content\/uploads\/ECOVADIS-2026-1-1.png\" alt=\"MM Group earn Platinum eco vadis\" width=\"1080\" height=\"1080\" loading=\"lazy\" decoding=\"async\" >\n                    <\/div>\n        <div class=\"new-card-meta\">\n            <time datetime=\"03\/09\/26\">03\/09\/26<\/time>\n                            <div class=\"tag-news swiper\">\n                    <div class=\"swiper-wrapper\">\n                                                    <div class=\"tag sector-nachhaltigkeit swiper-slide\">Nachhaltigkeit<\/div>\n                            <span class=\"separator swiper-slide\">\u00b7<\/span>\n                                                    <div class=\"tag sector-awards-2 swiper-slide\">Awards<\/div>\n                            <span class=\"separator swiper-slide\">\u00b7<\/span>\n                                            <\/div>\n                <\/div>\n                        <p class=\"new-card-title\">MM Group erh\u00e4lt EcoVadis-Platinmedaille f\u00fcr Nachhaltigkeit<\/p>\n        <\/div>\n    <\/a>\n<\/article>\n                      <article\n    class=\"new-card  division-packaging  \">\n    <a href=\"https:\/\/mm.group\/de\/news\/packaging\/detergent-verpackungen-neu-gedacht-ecobox\/\" title=\"Detergent-Verpackungen neu gedacht: EcoBox\">\n        <div class=\"image-wrapper\">\n                            <div class=\"new-card-sectors\">\n                                            <div class=\"category sector-packaging\">Packaging<\/div>\n                                    <\/div>\n                                        <img src=\"https:\/\/mm.group\/wp-content\/uploads\/Square-4.jpg\" alt=\"\" width=\"1024\" height=\"1024\" loading=\"lazy\" decoding=\"async\" >\n                    <\/div>\n        <div class=\"new-card-meta\">\n            <time datetime=\"02\/09\/26\">02\/09\/26<\/time>\n                            <div class=\"tag-news swiper\">\n                    <div class=\"swiper-wrapper\">\n                                                    <div class=\"tag sector-packaging-market-insights-2 swiper-slide\">Packaging Market Insights<\/div>\n                            <span class=\"separator swiper-slide\">\u00b7<\/span>\n                                            <\/div>\n                <\/div>\n                        <p class=\"new-card-title\">Detergent-Verpackungen neu gedacht: EcoBox<\/p>\n        <\/div>\n    <\/a>\n<\/article>\n                      <article\n    class=\"new-card  division-packaging  \">\n    <a href=\"https:\/\/mm.group\/de\/news\/packaging\/trends-bei-sonnenschutzverpackungen-wie-sich-marken-abheben-koennen\/\" title=\"Trends bei Sonnenschutzverpackungen: Wie sich Marken abheben k\u00f6nnen\">\n        <div class=\"image-wrapper\">\n                            <div class=\"new-card-sectors\">\n                                            <div class=\"category sector-packaging\">Packaging<\/div>\n                                    <\/div>\n                                        <img src=\"https:\/\/mm.group\/wp-content\/uploads\/Suncare-Firefly.png\" alt=\"\" width=\"1024\" height=\"1024\" loading=\"lazy\" decoding=\"async\" >\n                    <\/div>\n        <div class=\"new-card-meta\">\n            <time datetime=\"02\/09\/26\">02\/09\/26<\/time>\n                            <div class=\"tag-news swiper\">\n                    <div class=\"swiper-wrapper\">\n                                                    <div class=\"tag sector-packaging-market-insights-2 swiper-slide\">Packaging Market Insights<\/div>\n                            <span class=\"separator swiper-slide\">\u00b7<\/span>\n                                            <\/div>\n                <\/div>\n                        <p class=\"new-card-title\">Trends bei Sonnenschutzverpackungen: Wie sich Marken abheben k\u00f6nnen<\/p>\n        <\/div>\n    <\/a>\n<\/article>\n                <\/div>\n  <\/div>\n<\/section>\n\n<section id=\"block_3b7a228475d323e07d60c35bec6ef424\" data-block_3b7a228475d323e07d60c35bec6ef424 class=\"button-centered align light-green  container-bg  relative pb-10 lg:pb-20 lg:-mt-10\">\n    <div class=\"container flex justify-center\">\n      <a class=\"btn  btn-secondary \" href=\"https:\/\/mm.group\/de\/news\/\" target=\"\">\n        <span>\n          Zu allen MM News\n                  <\/span>\n      <\/a>\n    <\/div>\n  <\/section>\n","protected":false},"featured_media":0,"menu_order":3,"template":"","meta":{"_acf_changed":true,"inline_featured_image":false},"categories":[],"category-press-release":[351,357,358],"class_list":["post-112204","press-release","type-press-release","status-publish","hentry","category-press-release-investoren","category-press-release-ergebnisse","category-press-release-presseaussendungen"],"acf":[],"_links":{"self":[{"href":"https:\/\/mm.group\/de\/wp-json\/wp\/v2\/press-release\/112204","targetHints":{"allow":["GET"]}}],"collection":[{"href":"https:\/\/mm.group\/de\/wp-json\/wp\/v2\/press-release"}],"about":[{"href":"https:\/\/mm.group\/de\/wp-json\/wp\/v2\/types\/press-release"}],"wp:attachment":[{"href":"https:\/\/mm.group\/de\/wp-json\/wp\/v2\/media?parent=112204"}],"wp:term":[{"taxonomy":"category","embeddable":true,"href":"https:\/\/mm.group\/de\/wp-json\/wp\/v2\/categories?post=112204"},{"taxonomy":"category-press-release","embeddable":true,"href":"https:\/\/mm.group\/de\/wp-json\/wp\/v2\/category-press-release?post=112204"}],"curies":[{"name":"wp","href":"https:\/\/api.w.org\/{rel}","templated":true}]}}