{"id":115206,"date":"2026-08-27T08:01:20","date_gmt":"2026-08-27T06:01:20","guid":{"rendered":"https:\/\/mm.group\/?post_type=press-release&#038;p=115206"},"modified":"2026-08-31T08:30:29","modified_gmt":"2026-08-31T06:30:29","slug":"mm-gruppe-erweitert-vorstand-mit-andreas-koppitz-und-alexander-loimayr","status":"publish","type":"press-release","link":"https:\/\/mm.group\/de\/news\/press-releases\/mm-gruppe-erweitert-vorstand-mit-andreas-koppitz-und-alexander-loimayr\/","title":{"rendered":"MM Gruppe erweitert Vorstand mit Andreas Koppitz und Alexander Loimayr"},"content":{"rendered":"<section id=\"block_6e38cf8792c29b34f48d310b79bfc26c\" data-block_6e38cf8792c29b34f48d310b79bfc26c class=\"content-basic align transparent  container-bg \">\n  <div class=\"container\">\n    <div class=\"info_basic \">\n      <div class=\"section-info mb-10 max-w-[833px] \">\n                                    <div class=\"section_text \"><p>Der Aufsichtsrat der Mayr-Melnhof Karton AG hat Andreas Koppitz (46) und Alexander Loimayr (47) per 01. September 2026 f\u00fcr eine Funktionsperiode von drei Jahren neu in den Vorstand bestellt, der damit k\u00fcnftig aus f\u00fcnf Mitgliedern bestehen wird: Peter Oswald (CEO), Franz Hiesinger (CFO), Roman Billiani (Division Food &amp; Premium Packaging), Andreas Koppitz (Division Pharma &amp; Healthcare Packaging) und Alexander Loimayr (Division Board &amp; Paper). Mit der Erweiterung des Vorstands um zwei bew\u00e4hrte F\u00fchrungskr\u00e4fte aus den eigenen Reihen tr\u00e4gt das Unternehmen sowohl der Gr\u00f6\u00dfe und der wachsenden Komplexit\u00e4t des Konzerns als auch den steigenden Anforderungen Rechnung.<\/p>\n<p>Andreas Koppitz verantwortet die noch junge Division Pharma &amp; Healthcare Packaging seit 2022. Unter seiner F\u00fchrung wurde der Gesch\u00e4ftsbereich erfolgreich neu aufgestellt, die Profitabilit\u00e4t ma\u00dfgeblich verbessert und die Basis f\u00fcr einen nachhaltigen Wachstumskurs geschaffen, den er in den kommenden Jahren begleiten wird. Er verf\u00fcgt \u00fcber mehr als 20 Jahre internationale F\u00fchrungserfahrung in der Verpackungs- und Industrieg\u00fcterbranche.<\/p>\n<p>Alexander Loimayr f\u00fchrt seit Mitte 2025 die Division Board &amp; Paper, f\u00fcr die er zuvor als CFO t\u00e4tig war. Mit mehr als zwei Jahrzehnten internationaler F\u00fchrungserfahrung in der Grundstoff-, Bau-, Papier- und Verpackungsindustrie verf\u00fcgt er \u00fcber wichtige Voraussetzungen f\u00fcr die Ausrichtung und Weiterentwicklung der Division in einem anspruchsvollen Marktumfeld.<\/p>\n<p>Wolfgang Eder, Vorsitzender des Aufsichtsrates der MM Gruppe, erkl\u00e4rt:<br \/>\n\u201eMit Andreas Koppitz und Alexander Loimayr erweitern wir den Vorstand um zwei ausgewiesene F\u00fchrungspers\u00f6nlichkeiten, die in ihren Verantwortungsbereichen bei MM hervorragende Arbeit geleistet haben. Die Erweiterung des Vorstands st\u00e4rkt unsere F\u00fchrungsstruktur, verbreitert die Managementbasis und schafft die Voraussetzungen, die vielf\u00e4ltigen Chancen und Anforderungen der kommenden Jahre mit noch gr\u00f6\u00dferer Schlagkraft zu adressieren.\u201c<\/p>\n<\/div>\n                \n                    <div class=\"links-wrapper flex flex-wrap mt-8 gap-4\">\n                                                                                     <\/div>\n            <\/div>\n    <\/div>\n  <\/div>\n<\/section>\n\n<section id=\"block_97418a7f07404078c0a305da592f1e63\" data-block_97418a7f07404078c0a305da592f1e63 class=\"list-downloads download-section align transparent  container-bg  py-10 md:py-20\">\n  <div class=\"container\">\n    <div class=\"section-info mb-10 max-w-[833px] \">\n                            <h2 class=\"title mb-4\">Downloads<\/h2>\n                        \n            <\/div>\n          <div class=\"downloads-wrapper mt-10 grid grid-cols-1 gap-x-8 gap-y-10 \">\n                               <a href=\"https:\/\/mm.group\/wp-content\/uploads\/MM_Presseaussendung_27082026.pdf\" class=\"card-download \" target=\"_blank\" >\n        <div class=\"top-download\">\n                            <div class=\"download-title\">Download Presseaussendung<\/div>\n                        <div class=\"download-icon\">\n                                    <svg width=\"20\" height=\"20\" viewBox=\"0 0 20 20\" fill=\"none\" xmlns=\"http:\/\/www.w3.org\/2000\/svg\">\n<mask id=\"mask0_3969_27664\" style=\"mask-type:luminance\" maskUnits=\"userSpaceOnUse\" x=\"0\" y=\"0\" width=\"20\" height=\"20\">\n<path d=\"M0 1.90735e-06H20V20H0V1.90735e-06Z\" fill=\"white\"\/>\n<\/mask>\n<g mask=\"url(#mask0_3969_27664)\">\n<path fill-rule=\"evenodd\" clip-rule=\"evenodd\" d=\"M1.21094 20H18.7891V14.1406H17.6172V18.8281H2.38281V14.1406H1.21094V20Z\" fill=\"currentColor\"\/>\n<\/g>\n<path d=\"M10.0795 13.2427L10.0795 0.832031L10.2513 0.832031L10.2513 13.2427L10.2513 14.5633L11.1259 13.5739L16.8295 7.12167L16.9583 7.2355L10.2432 14.832L10.0876 14.832L3.37249 7.2355L3.50126 7.12167L9.20483 13.5739L10.0795 14.5633L10.0795 13.2427Z\" fill=\"currentColor\" stroke=\"currentColor\"\/>\n<\/svg>\n                            <\/div>\n        <\/div>\n            <\/a>\n              <\/div>\n      \n  <\/div>\n<\/section>\n\n\n\n<p class=\"wp-block-paragraph\"><\/p>\n","protected":false},"featured_media":0,"menu_order":6,"template":"","meta":{"_acf_changed":true,"inline_featured_image":false},"categories":[],"category-press-release":[351,358],"class_list":["post-115206","press-release","type-press-release","status-publish","hentry","category-press-release-investoren","category-press-release-presseaussendungen"],"acf":[],"_links":{"self":[{"href":"https:\/\/mm.group\/de\/wp-json\/wp\/v2\/press-release\/115206","targetHints":{"allow":["GET"]}}],"collection":[{"href":"https:\/\/mm.group\/de\/wp-json\/wp\/v2\/press-release"}],"about":[{"href":"https:\/\/mm.group\/de\/wp-json\/wp\/v2\/types\/press-release"}],"wp:attachment":[{"href":"https:\/\/mm.group\/de\/wp-json\/wp\/v2\/media?parent=115206"}],"wp:term":[{"taxonomy":"category","embeddable":true,"href":"https:\/\/mm.group\/de\/wp-json\/wp\/v2\/categories?post=115206"},{"taxonomy":"category-press-release","embeddable":true,"href":"https:\/\/mm.group\/de\/wp-json\/wp\/v2\/category-press-release?post=115206"}],"curies":[{"name":"wp","href":"https:\/\/api.w.org\/{rel}","templated":true}]}}