{"id":30211,"date":"2022-04-22T00:00:00","date_gmt":"2022-04-21T22:00:00","guid":{"rendered":"https:\/\/mm-live.digilicious.cloud\/news\/press-releases\/wissenschaftsbasierte-klimaziele-der-mm-gruppe-offiziell-bestaetigt\/"},"modified":"2024-09-16T22:27:25","modified_gmt":"2024-09-16T20:27:25","slug":"wissenschaftsbasierte-klimaziele-der-mm-gruppe-offiziell-bestaetigt","status":"publish","type":"press-release","link":"https:\/\/mm.group\/de\/news\/press-releases\/wissenschaftsbasierte-klimaziele-der-mm-gruppe-offiziell-bestaetigt\/","title":{"rendered":"Wissenschaftsbasierte Klimaziele der MM Gruppe offiziell best\u00e4tigt"},"content":{"rendered":"<section class=\"mmgroup-pressreleases-wrapper\">\n<section class=\"content-element--fce-file--dwmmag_regulartextelement\">\n<section class=\"fce-text\">\n<div class=\"container\">\n<div class=\"row\">\n<div>\n<p>Die Mayr-Melnhof Karton AG (MM Gruppe) hat sich zu einer Reduktion von Treibhausgasemissionen im Einklang mit der Klimawissenschaft verpflichtet. Die ehrgeizigen Ziele wurden von der Science Based Targets initiative (SBTi) nun offiziell genehmigt.<\/p>\n<p><b>MM festigt F\u00fchrungsstatus im Bereich Nachhaltigkeit.<\/b><br \/> MM setzt auf wirtschaftlichen und technischen Fortschritt im Einklang mit den Bed\u00fcrfnissen von Gesellschaft und Natur. Basierend auf den strategischen S\u00e4ulen \u201ePlanet\u201c, \u201ePeople\u201c und \u201eProsperity\u201c hat die MM Gruppe ein umfassendes Nachhaltigkeitsprogramm entwickelt, das eine \u00fcbergreifende Dekarbonisierungsstrategie beinhaltet. Peter Oswald, CEO der MM Gruppe, unterstreicht den Ansatz: \u201eDie Bew\u00e4ltigung des Klimawandels erfordert ehrgeizige Ma\u00dfnahmen von Unternehmen. Unsere wissenschaftlich fundierten Ziele zeigen unser Engagement zur F\u00f6rderung einer nachhaltigen Entwicklung, indem wir das tun, was notwendig ist und nicht das, was einfach ist.&#8220;<\/p>\n<p><b>Die Klimaziele von MM decken alle Bereiche ab (Scope 1, 2 und 3).<\/b><br \/> Das Engagement der MM Gruppe zur Abschw\u00e4chung des Klimawandels umfasst die Reduktion sowohl der direkten und indirekten Emissionen aus dem Betrieb (Scope 1 und 2) als auch der Emissionen aus der Wertsch\u00f6pfungskette (Scope 3):<\/p>\n<ul>\n<li>MM verpflichtet sich, die absoluten Scope 1 und 2 THG-Emissionen bis 2031 um 50,4% gegen\u00fcber dem Basisjahr 2019 zu reduzieren.<\/li>\n<li>MM verpflichtet sich au\u00dferdem, die Scope-3-THG-Emissionen bis 2031 um 58,1% pro Euro Wertsch\u00f6pfung ausgehend von einem Basisjahr 2019 zu reduzieren.<\/li>\n<\/ul>\n<p>Die Genehmigung der Ziele durch SBTi best\u00e4tigt, dass der konzernweite Reduktionspfad von MM im Einklang mit dem Pariser Klimaabkommen steht, um zur Begrenzung der globalen Erw\u00e4rmung auf unter 1,5\u00b0C bis 2050 beizutragen. Zu diesem Zweck ermittelt MM nicht nur die Treibhausgasemissionen des Konzerns, sondern f\u00f6rdert auch die Nachhaltigkeitsinitiativen seiner Kunden und Lieferanten.<\/p>\n<p>&#8212;&#8212;&#8212;&#8212;&#8212;&#8212;&#8212;&#8212;&#8212;&#8212;&#8212;&#8212;&#8212;&#8212;&#8212;&#8212;&#8212;&#8212;&#8212;&#8212;&#8212;&#8212;&#8212;-<\/p>\n<p>&nbsp;<\/p>\n<p>&nbsp;<\/p>\n<p><em><strong>\u00dcber SBTi<\/strong><br \/> Die Science Based Targets initiative (SBTi) ist ein globales Gremium, das Unternehmen erm\u00f6glicht, sich ehrgeizige Emissionsreduktionsziele im Einklang mit den neuesten Erkenntnissen der Klimawissenschaft zu setzen. Die Initiative verfolgt das Ziel, dass Unternehmen weltweit ihre Emissionen bis 2030 halbieren und bis 2050 Netto-Null-Emissionen erreichen.<br \/> Die Initiative ist eine Zusammenarbeit zwischen CDP, Global Compact der Vereinten Nationen, World Resources Institute (WRI) sowie World Wide Fund for Nature (WWF) und z\u00e4hlt zu den Engagements der We Mean Business Coalition.&nbsp; SBTi definiert und f\u00f6rdert bew\u00e4hrte Praktiken bei der Festlegung von wissenschaftsbasierten Zielen, bietet Ressourcen und Anleitungen zum Abbau von Hindernissen bei der Umsetzung und genehmigt unabh\u00e4ngig die Ziele von Unternehmen.<\/em><br \/><a href=\"http:\/\/www.sciencebasedtargets.org\" target=\"_blank\" rel=\"noreferrer noopener nofollow\">www.sciencebasedtargets.org<\/a><\/p>\n<p><em><strong>\u00dcber MM<\/strong><br \/> MM ist Europas f\u00fchrender Produzent von Karton und Faltschachteln mit einem attraktiven Angebot bei Kraftpapieren und ungestrichenen Feinpapieren. Wir f\u00f6rdern eine nachhaltige Entwicklung durch innovative, wiederverwertbare Verpackungen und Papierprodukte aus nachwachsenden, faserbasierten Rohstoffen. Daher haben s\u00e4mtliche Aktivit\u00e4ten in Bezug auf Nachhaltigkeit, Umwelt und Sicherheit hohe Priorit\u00e4t. MM erwirtschaftet Umsatzerl\u00f6se von rund 3,5 Mrd. EUR und besch\u00e4ftigt rund 12.800 Mitarbeiterinnen und Mitarbeiter.<\/em><\/p>\n<\/div>\n<\/div>\n<\/div>\n<\/section>\n<\/section>\n<section class=\"content-element--fce-file--dwmmag_downloads\">\n<section class=\"fce-downloads\">\n<div class=\"container\">\n<div>\n<div>\n<h2>Downloads<\/h2>\n<ul class=\"fce-downloads-list\">\n<li class=\"fce-downloads-list-item\"><a href=\"https:\/\/mm.group\/wp-content\/uploads\/MM_Presseaussendung_22042022.pdf\" target=\"_blank\" class=\"fce-downloads-list-item-link\" rel=\"noopener\">\n<div class=\"row no-gutters\">\n<div class=\"col-10 col-sm-11 col-lg-9 col-hd-10\"><svg class=\"icon icon-file-pdf-o\" width=\"1792\" height=\"1792\" viewBox=\"0 0 1792 1792\"  aria-label=\"File pdf icon\" focusable=\"false\"><path d=\"M1596 380q28 28 48 76t20 88v1152q0 40-28 68t-68 28h-1344q-40 0-68-28t-28-68v-1600q0-40 28-68t68-28h896q40 0 88 20t76 48zm-444-244v376h376q-10-29-22-41l-313-313q-12-12-41-22zm384 1528v-1024h-416q-40 0-68-28t-28-68v-416h-768v1536h1280zm-514-593q33 26 84 56 59-7 117-7 147 0 177 49 16 22 2 52 0 1-1 2l-2 2v1q-6 38-71 38-48 0-115-20t-130-53q-221 24-392 83-153 262-242 262-15 0-28-7l-24-12q-1-1-6-5-10-10-6-36 9-40 56-91.5t132-96.5q14-9 23 6 2 2 2 4 52-85 107-197 68-136 104-262-24-82-30.5-159.5t6.5-127.5q11-40 42-40h22q23 0 35 15 18 21 9 68-2 6-4 8 1 3 1 8v30q-2 123-14 192 55 164 146 238zm-576 411q52-24 137-158-51 40-87.5 84t-49.5 74zm398-920q-15 42-2 132 1-7 7-44 0-3 7-43 1-4 4-8-1-1-1-2-1-2-1-3-1-22-13-36 0 1-1 2v2zm-124 661q135-54 284-81-2-1-13-9.5t-16-13.5q-76-67-127-176-27 86-83 197-30 56-45 83zm646-16q-24-24-140-24 76 28 124 28 14 0 18-1 0-1-2-3z\"><\/path><\/svg> Download <\/div>\n<div class=\"col-2 col-sm-1 col-lg-3 col-hd-2 text-right\">\n<div class=\"fce-downloads-list-item-link-download\"> Download <\/div>\n<p><svg class=\"icon icon-downloads\" width=\"1792\" height=\"1792\" viewBox=\"0 0 1792 1792\"  aria-label=\"Downloads icon\" focusable=\"false\"><path d=\"M1344 1344q0-26-19-45t-45-19-45 19-19 45 19 45 45 19 45-19 19-45zm256 0q0-26-19-45t-45-19-45 19-19 45 19 45 45 19 45-19 19-45zm128-224v320q0 40-28 68t-68 28h-1472q-40 0-68-28t-28-68v-320q0-40 28-68t68-28h465l135 136q58 56 136 56t136-56l136-136h464q40 0 68 28t28 68zm-325-569q17 41-14 70l-448 448q-18 19-45 19t-45-19l-448-448q-31-29-14-70 17-39 59-39h256v-448q0-26 19-45t45-19h256q26 0 45 19t19 45v448h256q42 0 59 39z\"><\/path><\/svg><\/div>\n<\/div>\n<p><\/a><\/li>\n<\/ul>\n<\/div>\n<\/div>\n<\/div>\n<\/section>\n<\/section>\n<\/section>\n","protected":false},"featured_media":0,"menu_order":57,"template":"","meta":{"_acf_changed":false,"inline_featured_image":false},"categories":[],"category-press-release":[351,358,356],"class_list":["post-30211","press-release","type-press-release","status-publish","hentry","category-press-release-investoren","category-press-release-presseaussendungen","category-press-release-nachhaltigkeit"],"acf":[],"_links":{"self":[{"href":"https:\/\/mm.group\/de\/wp-json\/wp\/v2\/press-release\/30211","targetHints":{"allow":["GET"]}}],"collection":[{"href":"https:\/\/mm.group\/de\/wp-json\/wp\/v2\/press-release"}],"about":[{"href":"https:\/\/mm.group\/de\/wp-json\/wp\/v2\/types\/press-release"}],"wp:attachment":[{"href":"https:\/\/mm.group\/de\/wp-json\/wp\/v2\/media?parent=30211"}],"wp:term":[{"taxonomy":"category","embeddable":true,"href":"https:\/\/mm.group\/de\/wp-json\/wp\/v2\/categories?post=30211"},{"taxonomy":"category-press-release","embeddable":true,"href":"https:\/\/mm.group\/de\/wp-json\/wp\/v2\/category-press-release?post=30211"}],"curies":[{"name":"wp","href":"https:\/\/api.w.org\/{rel}","templated":true}]}}